{"id":7063,"date":"2020-04-26T17:02:28","date_gmt":"2020-04-26T16:02:28","guid":{"rendered":"https:\/\/so-la-na.com?p=7063"},"modified":"2022-11-16T23:00:52","modified_gmt":"2022-11-16T21:00:52","slug":"las-minas-puerto-flamenco","status":"publish","type":"post","link":"https:\/\/so-la-na.com\/eng\/giras\/giras-tres\/las-minas-puerto-flamenco\/","title":{"rendered":"Las Minas Puerto Flamenco"},"content":{"rendered":"<p>\n\n\n<section id=\"section_id-17063\" class=\"fw-main-row-custom fw-main-row-top fw-section-no-padding header-post-container\" style=\" \" >\n\t<div class=\"fw-col-inner fw-container\" >\n\t\t<div class=\"fw-row\">\n\t\n<div id=\"column-6a994dcb2810e\" class=\"fw-col-xs-12\" style=\" \">\n        <div class=\"fw-col-inner\" >\n\t\t<h1 class=\"title-post\">Las Minas Puerto Flamenco<\/h1><p class=\"subtitle-post\">Thirteen artists on stage<\/p>\t<\/div>\n<\/div><\/div>\n\n<div class=\"fw-row\">\n\t\n<div id=\"column-6a994dcb29756\" class=\"fw-col-xs-12\" style=\" \">\n        <div class=\"fw-col-inner\" >\n\t\t<p>International tour, 2015-2017<br \/>Chicago, Johannesburg, Sydney, Melbourne, Mexico, Toronto<\/p>\t<\/div>\n<\/div><\/div>\n\n\t<\/div>\n<\/section>\n\n\n<section id=\"section_id-27063\" class=\"fw-main-row-custom fw-section-no-padding image-container fw_theme_bg_fw-custom\" style=\" background-image:url(https:\/\/so-la-na.com\/wp-content\/uploads\/2020\/04\/Portada_recortada.jpg); background-repeat: no-repeat; background-position: left center; background-size: cover;\" >\n\t<div class=\"fw-col-inner fw-container-fluid\" >\n\t\t\t<\/div>\n<\/section>\n\n\n<section id=\"section_id-37063\" class=\"fw-main-row-custom fw-section-no-padding descripcion-elenco-container\" style=\" \" >\n\t<div class=\"fw-col-inner fw-container\" >\n\t\t<div class=\"fw-row\">\n\t\n<div id=\"column-6a994dcb2bb81\" class=\"fw-col-xs-12 fw-col-sm-9 text-post-container\" style=\" \">\n        <div class=\"fw-col-inner\" >\n\t\t<p>Minas Puerto Flamenco offers a show in which the artists demonstrate, during over 100 minutes, their talents that have earned them various awards, each one in their specialty, at the International Festival Cante de las Minas. There are thirteen artists on stage, each of whom is a leading figure in his\/her field.<\/p><p>This show, which is full of sensitivity and scenery, reviews the history of flamenco while travelling through the ports of the world, interacting with many different beats  such as habaneras, colombianas, ronde\u00f1as, vidalitas, milongas or guajiras, which mix and merge with flamenco sole\u00e1s, tanguillos, alegr\u00edas and buler\u00edas .<\/p><p>With almost sixty years of history, the International Festival of Cante de las Minas is one of the most important events in the world of Flamenco, resulting from sound work and high artistic standards. In 2014, the festival was awarded the Gold Medal for Merit in Fine Arts and it represents the only flamenco Festival which officially qualifies as Marca Espa\u00f1a.<\/p>\t<\/div>\n<\/div>\n<div id=\"column-6a994dcb2c958\" class=\"fw-col-xs-12 fw-col-sm-3 elenco-post-container\" style=\" \">\n        <div class=\"fw-col-inner\" >\n\t\t<h2 class=\"subrayado\">Cast<\/h2><p><span class=\"elenco-categoria\">Dancing:<\/span><br \/><span class=\"elenco-dato\">Amador Rojas<\/span><br \/><span class=\"elenco-dato\">Eduardo Guerrero<\/span><br \/><span class=\"elenco-dato\">Yolanda Osuna<\/span><\/p><p><span class=\"elenco-categoria\">Singing:<\/span><br \/><span class=\"elenco-dato\">Anabel Ribera<\/span><br \/><span class=\"elenco-dato\">Bernardo Miranda<\/span><br \/><span class=\"elenco-dato\">Manu Solo<\/span><\/p><p><span class=\"elenco-categoria\">Guitar:<\/span><br \/><span class=\"elenco-dato\">Jos\u00e9 Tom\u00e1s Jim\u00e9nez<\/span><br \/><span class=\"elenco-dato\">Ricardo Fern\u00e1ndez del Moral<\/span><br \/><span class=\"elenco-dato\">Ni\u00f1o Seve<\/span><br \/><span class=\"elenco-dato\">Javier Ib\u00e1\u00f1ez<\/span><\/p><p><span class=\"elenco-categoria\">Percussion:<\/span><br \/><span class=\"elenco-dato\">Lolo Plant\u00f3n<\/span><\/p><p><span class=\"elenco-categoria\">Flamenco flute:<\/span><br \/><span class=\"elenco-dato\">Oscar de Manuel<\/span><\/p><p><span class=\"elenco-categoria\">Flemish saxophone:<\/span><br \/><span class=\"elenco-dato\">Sergio de Lope<\/span><\/p>\t<\/div>\n<\/div><\/div>\n\n\t<\/div>\n<\/section>\n\n\n<section id=\"section_id-47063\" class=\"fw-main-row-custom fw-section-no-padding descripcion-elenco-container\" style=\" \" >\n\t<div class=\"fw-col-inner fw-container\" >\n\t\t<div class=\"fw-row\">\n\t\n<div id=\"column-6a994dcb3e6d8\" class=\"fw-col-xs-12 fw-col-sm-9 text-post-container\" style=\" \">\n        <div class=\"fw-col-inner\" >\n\t\t\t<\/div>\n<\/div>\n<div id=\"column-6a994dcb3f5df\" class=\"fw-col-xs-12 fw-col-sm-3 enlaces-post-container\" style=\" \">\n        <div class=\"fw-col-inner\" >\n\t\t<p><a id=\"video-post-link\" href=\"#\">Videos<\/a><\/p><p><a id=\"opiniones-post-link\" href=\"#\">Opinions<\/a><\/p><p><a id=\"noticias-post-link\" href=\"#\">News<\/a><\/p>\t<\/div>\n<\/div><\/div>\n\n\t<\/div>\n<\/section>\n\n\n<section id=\"section_id-57063\" class=\"fw-main-row-custom fw-section-no-padding galeria-post-container\" style=\" \" >\n\t<div class=\"fw-col-inner fw-container-fluid\" >\n\t\t<div class=\"fw-row\">\n\t\n<div id=\"column-6a994dcb41440\" class=\"fw-col-xs-12\" style=\" \">\n        <div class=\"fw-col-inner\" >\n\t\t<p><div class='white' style='background:rgba(250, 250, 250, 0); border:solid 0px rgba(240, 240, 240, 0); border-radius:0px; padding:8px 8px 8px 8px;'>\n<div id='sample_slider' class='owl-carousel sa_owl_theme owl-pagination-true autohide-arrows' data-slider-id='sample_slider' style='visibility:hidden;'>\n<div id='sample_slider_slide06' class='sa_hover_container' style='padding:5% 5%; margin:0px 0%; background-image:url(&quot;https:\/\/so-la-na.com\/wp-content\/uploads\/2020\/05\/LMPF-Espa\u00f1a2-.jpg&quot;); background-position:center center; background-size:cover; background-repeat:no-repeat; background-color:rgb(255, 255, 255); '><\/div>\n<div id='sample_slider_slide04' class='sa_hover_container' style='padding:5% 5%; margin:0px 0%; background-image:url(&quot;https:\/\/so-la-na.com\/wp-content\/uploads\/2020\/05\/PORTADA-2-scaled.jpg&quot;); background-position:left top; background-size:cover; background-repeat:no-repeat; background-color:rgb(255, 255, 255); '><\/div>\n<div id='sample_slider_slide02' class='sa_hover_container' style='padding:5% 5%; margin:0px 0%; background-image:url(&quot;https:\/\/so-la-na.com\/wp-content\/uploads\/2020\/05\/Mexico-4-LMPF-scaled.jpg&quot;); background-position:center center; background-size:cover; background-repeat:no-repeat; background-color:rgb(255, 255, 255); '><\/div>\n<div id='sample_slider_slide07' class='sa_hover_container' style='padding:5% 5%; margin:0px 0%; background-image:url(&quot;https:\/\/so-la-na.com\/wp-content\/uploads\/2020\/05\/Toronto-2-LMPF-scaled.jpg&quot;); background-position:center center; background-size:cover; background-repeat:no-repeat; background-color:rgb(255, 255, 255); '><\/div>\n<div id='sample_slider_slide08' class='sa_hover_container' style='padding:5% 5%; margin:0px 0%; background-image:url(&quot;https:\/\/so-la-na.com\/wp-content\/uploads\/2020\/05\/Espa\u00f1a-LMPF.jpg&quot;); background-position:center center; background-size:cover; background-repeat:no-repeat; background-color:rgb(255, 255, 255); '><\/div>\n<div id='sample_slider_slide01' class='sa_hover_container' style='padding:5% 5%; margin:0px 0%; background-image:url(&quot;https:\/\/so-la-na.com\/wp-content\/uploads\/2020\/05\/Chicago-scaled.jpg&quot;); background-position:center center; background-size:cover; background-repeat:no-repeat; background-color:rgb(255, 255, 255); '><\/div>\n<div id='sample_slider_slide05' class='sa_hover_container' style='padding:5% 5%; margin:0px 0%; background-image:url(&quot;https:\/\/so-la-na.com\/wp-content\/uploads\/2020\/05\/Espa\u00f1a-3-LMPF.jpg&quot;); background-position:center center; background-size:cover; background-repeat:no-repeat; background-color:rgb(255, 255, 255); '><\/div>\n<div id='sample_slider_slide03' class='sa_hover_container' style='padding:5% 5%; margin:0px 0%; background-image:url(&quot;https:\/\/so-la-na.com\/wp-content\/uploads\/2020\/05\/Mexico-LMPF2-scaled.jpg&quot;); background-position:center center; background-size:cover; background-repeat:no-repeat; background-color:#fce5cd; '><\/div>\n<\/div>\n<\/div>\n<script type='text\/javascript'>\n\tjQuery(document).ready(function() {\n\t\tjQuery('#sample_slider').owlCarousel({\n\t\t\tresponsive:{\n\t\t\t\t0:{ items:1 },\n\t\t\t\t480:{ items:2 },\n\t\t\t\t768:{ items:3 },\n\t\t\t\t980:{ items:4 },\n\t\t\t\t1200:{ items:4 },\n\t\t\t\t1500:{ items:4 }\n\t\t\t},\n\t\t\tautoplay : true,\n\t\t\tautoplayTimeout : 4000,\n\t\t\tautoplayHoverPause : true,\n\t\t\tsmartSpeed : 300,\n\t\t\tfluidSpeed : 300,\n\t\t\tautoplaySpeed : 300,\n\t\t\tnavSpeed : 300,\n\t\t\tdotsSpeed : 300,\n\t\t\tloop : true,\n\t\t\tnav : true,\n\t\t\tnavText : ['Previous','Next'],\n\t\t\tdots : true,\n\t\t\tresponsiveRefreshRate : 200,\n\t\t\tslideBy : 1,\n\t\t\tmergeFit : true,\n\t\t\tautoHeight : false,\n\t\t\tlazyLoad : true,\n\t\t\tlazyLoadEager: 1,\n\t\t\tmouseDrag : false,\n\t\t\ttouchDrag : true\n\t\t});\n\t\tjQuery('#sample_slider').css('visibility', 'visible');\n\t\tsa_resize_sample_slider();\n\t\twindow.addEventListener('resize', sa_resize_sample_slider);\n\t\tfunction sa_resize_sample_slider() {\n\t\t\tvar min_height = '50';\n\t\t\tvar win_width = jQuery(window).width();\n\t\t\tvar slider_width = jQuery('#sample_slider').width();\n\t\t\tif (win_width < 480) {\n\t\t\t\tvar slide_width = slider_width \/ 1;\n\t\t\t} else if (win_width < 768) {\n\t\t\t\tvar slide_width = slider_width \/ 2;\n\t\t\t} else if (win_width < 980) {\n\t\t\t\tvar slide_width = slider_width \/ 3;\n\t\t\t} else if (win_width < 1200) {\n\t\t\t\tvar slide_width = slider_width \/ 4;\n\t\t\t} else if (win_width < 1500) {\n\t\t\t\tvar slide_width = slider_width \/ 4;\n\t\t\t} else {\n\t\t\t\tvar slide_width = slider_width \/ 4;\n\t\t\t}\n\t\t\tslide_width = Math.round(slide_width);\n\t\t\tvar slide_height = '0';\n\t\t\tif (min_height == 'aspect43') {\n\t\t\t\tslide_height = (slide_width \/ 4) * 3;\t\t\t\tslide_height = Math.round(slide_height);\n\t\t\t} else if (min_height == 'aspect169') {\n\t\t\t\tslide_height = (slide_width \/ 16) * 9;\t\t\t\tslide_height = Math.round(slide_height);\n\t\t\t} else {\n\t\t\t\tslide_height = (slide_width \/ 100) * min_height;\t\t\t\tslide_height = Math.round(slide_height);\n\t\t\t}\n\t\t\tjQuery('#sample_slider .owl-item .sa_hover_container').css('min-height', slide_height+'px');\n\t\t}\n\t\tvar owl_goto = jQuery('#sample_slider');\n\t\tjQuery('.sample_slider_goto1').click(function(event){\n\t\t\towl_goto.trigger('to.owl.carousel', 0);\n\t\t});\n\t\tjQuery('.sample_slider_goto2').click(function(event){\n\t\t\towl_goto.trigger('to.owl.carousel', 1);\n\t\t});\n\t\tjQuery('.sample_slider_goto3').click(function(event){\n\t\t\towl_goto.trigger('to.owl.carousel', 2);\n\t\t});\n\t\tjQuery('.sample_slider_goto4').click(function(event){\n\t\t\towl_goto.trigger('to.owl.carousel', 3);\n\t\t});\n\t\tjQuery('.sample_slider_goto5').click(function(event){\n\t\t\towl_goto.trigger('to.owl.carousel', 4);\n\t\t});\n\t\tjQuery('.sample_slider_goto6').click(function(event){\n\t\t\towl_goto.trigger('to.owl.carousel', 5);\n\t\t});\n\t\tjQuery('.sample_slider_goto7').click(function(event){\n\t\t\towl_goto.trigger('to.owl.carousel', 6);\n\t\t});\n\t\tjQuery('.sample_slider_goto8').click(function(event){\n\t\t\towl_goto.trigger('to.owl.carousel', 7);\n\t\t});\n\t\tvar resize_6847 = jQuery('.owl-carousel');\n\t\tresize_6847.on('initialized.owl.carousel', function(e) {\n\t\t\tif (typeof(Event) === 'function') {\n\t\t\t\twindow.dispatchEvent(new Event('resize'));\n\t\t\t} else {\n\t\t\t\tvar evt = window.document.createEvent('UIEvents');\n\t\t\t\tevt.initUIEvent('resize', true, false, window, 0);\n\t\t\t\twindow.dispatchEvent(evt);\n\t\t\t}\n\t\t});\n\t});\n<\/script>\n<\/p>\t<\/div>\n<\/div><\/div>\n\n\t<\/div>\n<\/section>\n\n\n<section id=\"section_id-67063\" class=\"fw-main-row-custom fw-section-no-padding video-post-container\" style=\" \" >\n\t<div class=\"fw-col-inner fw-container-fluid\" >\n\t\t<div class=\"fw-row\">\n\t\n<div id=\"column-6a994dcb50c35\" class=\"fw-col-xs-12 video-post-row\" style=\" \">\n        <div class=\"fw-col-inner\" >\n\t\t<div class=\"video-wrapper shortcode-container\">\n\t<iframe title=\"Las Minas Puerto Flamenco, el musical:\" width=\"300\" height=\"169\" src=\"https:\/\/www.youtube.com\/embed\/HbcVO9rTDg0?feature=oembed\" frameborder=\"0\" allow=\"accelerometer; autoplay; encrypted-media; gyroscope; picture-in-picture\" allowfullscreen><\/iframe><\/div>\n\t<\/div>\n<\/div><\/div>\n\n\t<\/div>\n<\/section>\n\n\n<section id=\"section_id-77063\" class=\"fw-main-row-custom fw-section-no-padding opiniones-post-container\" style=\"background-color:#7ae3db; \" >\n\t<div class=\"fw-col-inner fw-container\" >\n\t\t<div class=\"fw-row\">\n\t\n<div id=\"column-6a994dcb53836\" class=\"fw-col-xs-12\" style=\" \">\n        <div class=\"fw-col-inner\" >\n\t\t<h2 class=\"titulo\">Opinions<\/h2>\t<\/div>\n<\/div><\/div>\n\n<div class=\"fw-row\">\n\t\n<div id=\"column-6a994dcb5501d\" class=\"fw-col-xs-12\" style=\" \">\n        <div class=\"fw-col-inner\" >\n\t\t<p><strong>President of the Port Authority of Motril<\/strong> - Francisco \u00c1lvarez de la Chica<br \/>\"Las Minas Puerto Flamenco is an amazing show\" From the Port Authority of Motril we had the opportunity to attend to this amazing show, with hundreds of other spectators who also enjoyed the show\u2019s strength and art. It perfectly shows how flamenco has been historically linked to the life of those who work and live around the ports. A special attention should be drawn to the sensitivity of the artists who offer pure art throughout the whole show, a guarantee of Festival de las Minas. Vibrant and exciting, it is undoubtedly a unique opportunity to enjoy the best flamenco. As president of Port Authority, it has been a pleasure to collaborate in hosting this event and I would like to thank the magnificent organization of a show that cannot be missed.<\/p><p><strong>Director of Puerto Sagunto<\/strong> - Juan Miguel Bernat Escudero<br \/>\"A show full of emotion and energy and in which the presence of the maritime world weaves the content from beginning to end.\" Congratulations! Hugs,<\/p><p><strong>President of the Port Authority of Vilagarc\u00eda<\/strong> - Sagrario Franco Malvar<br \/>\"Las Minas Puerto Flamenco is a brilliant and very elegant show which thrills flamenco funs and will enthral first time-comers to a flamenco show \". Greetings,<\/p><p><strong>President of the Port Authority of Cartagena<\/strong> - Antonio Sevilla<br \/>The reason for the Port Authority to collaborate with the event is fully justified by the unquestionable relationship that ports have always had with music; they have been home and  have brought forth many artists of all kinds as well as being exceptional providers of cultural dissemination. \"Las Minas Puerto Flamenco is undoubtedly a show not to be missed for many reasons that can be summed up in the enjoyment of all the senses, turning them into art\". I hope the tour is a success. A big hug,<\/p><p><strong>Secretary General of the Regional Ministry of Culture and Spokesperson of the Autonomous Community of the Region of Murcia<\/strong> - Jos\u00e9 Vicente Albaladejo<br \/>\"Las Minas Flamenco Tour is a show, in the broadest and most positive sense of the word, that leaves no one indifferent. Getting not only the profane, but even the most sceptical spectators to enjoy flamenco singing and dancing from beginning to end. The show displays the excellent quality of the artists and their performances. Cante de las Minas de la Union festival is always a guarantee for excellence and high quality. Absolutely recommended\".<\/p>\t<\/div>\n<\/div><\/div>\n\n\t<\/div>\n<\/section>\n\n\n<section id=\"section_id-87063\" class=\"fw-main-row-custom fw-section-no-padding noticias-link-post-container noticias-post-container\" style=\" \" >\n\t<div class=\"fw-col-inner fw-container\" >\n\t\t<div class=\"fw-row\">\n\t\n<div id=\"column-6a994dcb57a98\" class=\"fw-col-xs-12\" style=\" \">\n        <div class=\"fw-col-inner\" >\n\t\t<h2 class=\"titulo\">News<\/h2>\t<\/div>\n<\/div><\/div>\n\n<div class=\"fw-row\">\n\t\n<div id=\"column-6a994dcb59894\" class=\"fw-col-xs-12 noticias-link-text\" style=\" \">\n        <div class=\"fw-col-inner\" >\n\t\t<p><a href=\"https:\/\/youtu.be\/lIhVM4CFXSg\">TVE La 2; 22-9-2015<\/a><\/p>\t<\/div>\n<\/div><\/div>\n\n<div class=\"fw-row\">\n\t\n<div id=\"column-6a994dcb5b603\" class=\"fw-col-xs-12 noticias-link-text\" style=\" \">\n        <div class=\"fw-col-inner\" >\n\t\t<p><a href=\"https:\/\/youtu.be\/9sRnyUkU18g\">TVE telediario 10-10-2015<\/a><\/p>\t<\/div>\n<\/div><\/div>\n\n<div class=\"fw-row\">\n\t\n<div id=\"column-6a994dcb5d48c\" class=\"fw-col-xs-12 noticias-link-text\" style=\" \">\n        <div class=\"fw-col-inner\" >\n\t\t<p><a href=\"https:\/\/youtu.be\/PYmWWRAOENc\">TVE Canarias; 12-3-2016<\/a><\/p>\t<\/div>\n<\/div><\/div>\n\n<div class=\"fw-row\">\n\t\n<div id=\"column-6a994dcb6a6fa\" class=\"fw-col-xs-12 noticias-link-text\" style=\" \">\n        <div class=\"fw-col-inner\" >\n\t\t<p><a href=\"https:\/\/elpais.com\/cultura\/2015\/09\/22\/actualidad\/1442929100_470093.html\">El Pa\u00eds 22-9-2015<\/a><\/p>\t<\/div>\n<\/div><\/div>\n\n<div class=\"fw-row\">\n\t\n<div id=\"column-6a994dcb6c484\" class=\"fw-col-xs-12 noticias-link-text\" style=\" \">\n        <div class=\"fw-col-inner\" >\n\t\t<p><a href=\"https:\/\/www.abc.es\/cultura\/musica\/20150923\/abci-cante-minas-ganadores-gira-201509221656.html\">ABC 25-9-2015<\/a><\/p>\t<\/div>\n<\/div><\/div>\n\n\t<\/div>\n<\/section>\n\n\n<section id=\"section_id-97063\" class=\"fw-main-row-custom fw-section-no-padding end-home-container\" style=\" \" >\n\t<div class=\"fw-col-inner fw-container\" style=\"padding: 0px 15px 50px 15px;\">\n\t\t<div class=\"fw-row\">\n\t\n<div id=\"column-6a994dcb6e379\" class=\"fw-col-xs-12\" style=\" \">\n        <div class=\"fw-col-inner\" >\n\t\t<h1>We always strive for the best<\/h1><h2>Our flamenco art shows make the wonders of our fans and those who, for the first time, approach flamenco.<\/h2><h2>SOLANA Entertainment \n\u201cMomentous Flamenco experiences that create a new landmark in the world of performing arts\u201d<\/h2>\t<\/div>\n<\/div><\/div>\n\n\t<\/div>\n<\/section><\/p>","protected":false},"excerpt":{"rendered":"<p class=\"sub-titulo\">Thirteen artists on stage<\/p>\n<p class=\"fecha\">International tour, 2015-2017<\/p>\n<p class=\"fecha\">Chicago, Johannesburg, Sydney, Melbourne, Mexico, Toronto<\/p>","protected":false},"author":1,"featured_media":8672,"comment_status":"closed","ping_status":"closed","sticky":false,"template":"","format":"standard","meta":[],"categories":[69],"tags":[],"yoast_head":"<!-- This site is optimized with the Yoast SEO plugin v15.2 - https:\/\/yoast.com\/wordpress\/plugins\/seo\/ -->\n<title>Las Minas Puerto Flamenco - SO-LA-NA<\/title>\n<meta name=\"robots\" content=\"index, follow, max-snippet:-1, max-image-preview:large, max-video-preview:-1\" \/>\n<link rel=\"canonical\" href=\"https:\/\/so-la-na.com\/eng\/giras\/giras-tres\/las-minas-puerto-flamenco\/\" \/>\n<meta property=\"og:locale\" content=\"en_GB\" \/>\n<meta property=\"og:type\" content=\"article\" \/>\n<meta property=\"og:title\" content=\"Las Minas Puerto Flamenco - SO-LA-NA\" \/>\n<meta property=\"og:description\" content=\"Trece artistas en escena Gira Internacional Chicago, Johannesburgo, Sidney, Melbourne, M\u00e9xico, Toronto y gira por 30 ciudades en Espa\u00f1a\" \/>\n<meta property=\"og:url\" content=\"https:\/\/so-la-na.com\/eng\/giras\/giras-tres\/las-minas-puerto-flamenco\/\" \/>\n<meta property=\"og:site_name\" content=\"SO-LA-NA\" \/>\n<meta property=\"article:published_time\" content=\"2020-04-26T16:02:28+00:00\" \/>\n<meta property=\"article:modified_time\" content=\"2022-11-16T21:00:52+00:00\" \/>\n<meta property=\"og:image\" content=\"https:\/\/so-la-na.com\/wp-content\/uploads\/2020\/04\/Las-Minas-PF-22.jpg\" \/>\n\t<meta property=\"og:image:width\" content=\"1134\" \/>\n\t<meta property=\"og:image:height\" content=\"757\" \/>\n<meta name=\"twitter:card\" content=\"summary_large_image\" \/>\n<meta name=\"twitter:label1\" value=\"Written by\">\n\t<meta name=\"twitter:data1\" value=\"s0lan4\">\n\t<meta name=\"twitter:label2\" value=\"Estimated reading time\">\n\t<meta name=\"twitter:data2\" value=\"3 minutes\">\n<script type=\"application\/ld+json\" class=\"yoast-schema-graph\">{\"@context\":\"https:\/\/schema.org\",\"@graph\":[{\"@type\":\"Organization\",\"@id\":\"https:\/\/so-la-na.com\/#organization\",\"name\":\"SO-LA-NA\",\"url\":\"https:\/\/so-la-na.com\/\",\"sameAs\":[],\"logo\":{\"@type\":\"ImageObject\",\"@id\":\"https:\/\/so-la-na.com\/#logo\",\"inLanguage\":\"en-GB\",\"url\":\"https:\/\/so-la-na.com\/wp-content\/uploads\/2020\/05\/SO-LA-NA.png\",\"width\":850,\"height\":850,\"caption\":\"SO-LA-NA\"},\"image\":{\"@id\":\"https:\/\/so-la-na.com\/#logo\"}},{\"@type\":\"WebSite\",\"@id\":\"https:\/\/so-la-na.com\/#website\",\"url\":\"https:\/\/so-la-na.com\/\",\"name\":\"SO-LA-NA\",\"description\":\"Producciones musicales. Flamenco. Jazz.\",\"publisher\":{\"@id\":\"https:\/\/so-la-na.com\/#organization\"},\"potentialAction\":[{\"@type\":\"SearchAction\",\"target\":\"https:\/\/so-la-na.com\/?s={search_term_string}\",\"query-input\":\"required name=search_term_string\"}],\"inLanguage\":\"en-GB\"},{\"@type\":\"ImageObject\",\"@id\":\"https:\/\/so-la-na.com\/giras\/giras-tres\/las-minas-puerto-flamenco\/#primaryimage\",\"inLanguage\":\"en-GB\",\"url\":\"https:\/\/so-la-na.com\/wp-content\/uploads\/2020\/04\/Las-Minas-PF-22.jpg\",\"width\":1134,\"height\":757},{\"@type\":\"WebPage\",\"@id\":\"https:\/\/so-la-na.com\/giras\/giras-tres\/las-minas-puerto-flamenco\/#webpage\",\"url\":\"https:\/\/so-la-na.com\/giras\/giras-tres\/las-minas-puerto-flamenco\/\",\"name\":\"Las Minas Puerto Flamenco - SO-LA-NA\",\"isPartOf\":{\"@id\":\"https:\/\/so-la-na.com\/#website\"},\"primaryImageOfPage\":{\"@id\":\"https:\/\/so-la-na.com\/giras\/giras-tres\/las-minas-puerto-flamenco\/#primaryimage\"},\"datePublished\":\"2020-04-26T16:02:28+00:00\",\"dateModified\":\"2022-11-16T21:00:52+00:00\",\"inLanguage\":\"en-GB\",\"potentialAction\":[{\"@type\":\"ReadAction\",\"target\":[\"https:\/\/so-la-na.com\/giras\/giras-tres\/las-minas-puerto-flamenco\/\"]}]},{\"@type\":\"Article\",\"@id\":\"https:\/\/so-la-na.com\/giras\/giras-tres\/las-minas-puerto-flamenco\/#article\",\"isPartOf\":{\"@id\":\"https:\/\/so-la-na.com\/giras\/giras-tres\/las-minas-puerto-flamenco\/#webpage\"},\"author\":{\"@id\":\"https:\/\/so-la-na.com\/#\/schema\/person\/3f5a0cbe4efa9d9831f534043544b9fa\"},\"headline\":\"Las Minas Puerto Flamenco\",\"datePublished\":\"2020-04-26T16:02:28+00:00\",\"dateModified\":\"2022-11-16T21:00:52+00:00\",\"mainEntityOfPage\":{\"@id\":\"https:\/\/so-la-na.com\/giras\/giras-tres\/las-minas-puerto-flamenco\/#webpage\"},\"publisher\":{\"@id\":\"https:\/\/so-la-na.com\/#organization\"},\"image\":{\"@id\":\"https:\/\/so-la-na.com\/giras\/giras-tres\/las-minas-puerto-flamenco\/#primaryimage\"},\"articleSection\":\"Giras 3\",\"inLanguage\":\"en-GB\"},{\"@type\":\"Person\",\"@id\":\"https:\/\/so-la-na.com\/#\/schema\/person\/3f5a0cbe4efa9d9831f534043544b9fa\",\"name\":\"s0lan4\",\"image\":{\"@type\":\"ImageObject\",\"@id\":\"https:\/\/so-la-na.com\/#personlogo\",\"inLanguage\":\"en-GB\",\"url\":\"https:\/\/secure.gravatar.com\/avatar\/8650b1673693987cc32ab66aa7790a78?s=96&d=mm&r=g\",\"caption\":\"s0lan4\"}}]}<\/script>\n<!-- \/ Yoast SEO plugin. -->","_links":{"self":[{"href":"https:\/\/so-la-na.com\/eng\/wp-json\/wp\/v2\/posts\/7063"}],"collection":[{"href":"https:\/\/so-la-na.com\/eng\/wp-json\/wp\/v2\/posts"}],"about":[{"href":"https:\/\/so-la-na.com\/eng\/wp-json\/wp\/v2\/types\/post"}],"author":[{"embeddable":true,"href":"https:\/\/so-la-na.com\/eng\/wp-json\/wp\/v2\/users\/1"}],"replies":[{"embeddable":true,"href":"https:\/\/so-la-na.com\/eng\/wp-json\/wp\/v2\/comments?post=7063"}],"version-history":[{"count":38,"href":"https:\/\/so-la-na.com\/eng\/wp-json\/wp\/v2\/posts\/7063\/revisions"}],"predecessor-version":[{"id":8009,"href":"https:\/\/so-la-na.com\/eng\/wp-json\/wp\/v2\/posts\/7063\/revisions\/8009"}],"wp:featuredmedia":[{"embeddable":true,"href":"https:\/\/so-la-na.com\/eng\/wp-json\/wp\/v2\/media\/8672"}],"wp:attachment":[{"href":"https:\/\/so-la-na.com\/eng\/wp-json\/wp\/v2\/media?parent=7063"}],"wp:term":[{"taxonomy":"category","embeddable":true,"href":"https:\/\/so-la-na.com\/eng\/wp-json\/wp\/v2\/categories?post=7063"},{"taxonomy":"post_tag","embeddable":true,"href":"https:\/\/so-la-na.com\/eng\/wp-json\/wp\/v2\/tags?post=7063"}],"curies":[{"name":"wp","href":"https:\/\/api.w.org\/{rel}","templated":true}]}}