{"id":7069,"date":"2020-04-26T17:07:33","date_gmt":"2020-04-26T16:07:33","guid":{"rendered":"https:\/\/so-la-na.com?p=7069"},"modified":"2025-12-10T00:13:11","modified_gmt":"2025-12-09T22:13:11","slug":"las-minas-flamenco-tour","status":"publish","type":"post","link":"https:\/\/so-la-na.com\/eng\/giras\/giras-tres\/las-minas-flamenco-tour\/","title":{"rendered":"Las Minas Flamenco Tour"},"content":{"rendered":"<p>\n\n\n<section id=\"section_id-17069\" class=\"fw-main-row-custom fw-main-row-top fw-section-no-padding header-post-container\" style=\" \" >\n\t<div class=\"fw-col-inner fw-container\" >\n\t\t<div class=\"fw-row\">\n\t\n<div id=\"column-6a995934aa383\" class=\"fw-col-xs-12\" style=\" \">\n        <div class=\"fw-col-inner\" >\n\t\t<h1 class=\"title-post\">Las Minas Puerto Flamenco Tour<\/h1><p class=\"subtitle-post\">six artists on stage<\/p>\t<\/div>\n<\/div><\/div>\n\n<div class=\"fw-row\">\n\t\n<div id=\"column-6a995934ab749\" class=\"fw-col-xs-12\" style=\" \">\n        <div class=\"fw-col-inner\" >\n\t\t<p>Various cities: Belgium, Luxembourg, Japan and India, 2013-2015<\/p>\t<\/div>\n<\/div><\/div>\n\n\t<\/div>\n<\/section>\n\n\n<section id=\"section_id-27069\" class=\"fw-main-row-custom fw-section-no-padding image-container fw_theme_bg_fw-custom\" style=\" background-image:url(https:\/\/so-la-na.com\/wp-content\/uploads\/2020\/04\/06-1.jpg); background-repeat: no-repeat; background-position: left top; background-size: cover;\" >\n\t<div class=\"fw-col-inner fw-container-fluid\" >\n\t\t\t<\/div>\n<\/section>\n\n\n<section id=\"section_id-37069\" class=\"fw-main-row-custom fw-section-no-padding descripcion-elenco-container\" style=\" \" >\n\t<div class=\"fw-col-inner fw-container\" >\n\t\t<div class=\"fw-row\">\n\t\n<div id=\"column-6a995934ada0e\" class=\"fw-col-xs-12 fw-col-sm-9 text-post-container\" style=\" \">\n        <div class=\"fw-col-inner\" >\n\t\t<p><strong>\u201cLas Minas Flamenco Tour\u201d<\/strong> is a trip to the heart of flamenco, Yolanda and Amador, together they dance flamenco from traditional and fundamental songs such as Sole\u00e1 or Cante Minero-Levantinos to other more festive styles and flamenco adaptations of popular songs. Accompanied by the unique touch of the  passionate voice of Ricardo Fern\u00e1ndez del Moral and his colleague Jos\u00e9 Tom\u00e1s, they offer us the three most important disciplines of flamenco art: singing, guitar and dancing, all under the sound of Oscar de Manuel's flute as a common thread.<\/p>\t<\/div>\n<\/div>\n<div id=\"column-6a995934ae7fe\" class=\"fw-col-xs-12 fw-col-sm-3 elenco-post-container\" style=\" \">\n        <div class=\"fw-col-inner\" >\n\t\t<h2 class=\"subrayado\">Cast<\/h2><p><span class=\"elenco-categoria\">Dancing:<\/span><br \/><span class=\"elenco-dato\">Yolanda Osuna<\/span><br \/><span class=\"elenco-dato\">Amador Rojas<\/span><\/p><p><span class=\"elenco-categoria\">Singing:<\/span><br \/><span class=\"elenco-dato\">Ricardo Fern\u00e1ndez del Moral<\/span><br \/><span class=\"elenco-dato\">Bernardo Miranda<\/span><\/p><p><span class=\"elenco-categoria\">Guitar:<\/span><br \/><span class=\"elenco-dato\">Jos\u00e9 Tom\u00e1s Jim\u00e9nez<\/span><\/p><p><span class=\"elenco-categoria\">Flamenco flute:<\/span><br \/><span class=\"elenco-dato\">Oscar de Manuel<\/span><\/p>\t<\/div>\n<\/div><\/div>\n\n\t<\/div>\n<\/section>\n\n\n<section id=\"section_id-47069\" class=\"fw-main-row-custom fw-section-no-padding descripcion-elenco-container\" style=\" \" >\n\t<div class=\"fw-col-inner fw-container\" >\n\t\t<div class=\"fw-row\">\n\t\n<div id=\"column-6a995934b1ce8\" class=\"fw-col-xs-12 fw-col-sm-9 text-post-container\" style=\" \">\n        <div class=\"fw-col-inner\" >\n\t\t\t<\/div>\n<\/div>\n<div id=\"column-6a995934b2a57\" class=\"fw-col-xs-12 fw-col-sm-3 enlaces-post-container\" style=\" \">\n        <div class=\"fw-col-inner\" >\n\t\t<p><a href=\"#\">News<\/a><\/p>\t<\/div>\n<\/div><\/div>\n\n\t<\/div>\n<\/section>\n\n\n<section id=\"section_id-57069\" class=\"fw-main-row-custom fw-section-no-padding galeria-post-container\" style=\" \" >\n\t<div class=\"fw-col-inner fw-container-fluid\" >\n\t\t<div class=\"fw-row\">\n\t\n<div id=\"column-6a995934b4e60\" class=\"fw-col-xs-12\" style=\" \">\n        <div class=\"fw-col-inner\" >\n\t\t<p><div class='white' style='background:rgba(250, 250, 250, 0); border:solid 0px rgba(240, 240, 240, 0); border-radius:0px; padding:8px 8px 8px 8px;'>\n<div id='sample_slider' class='owl-carousel sa_owl_theme owl-pagination-true autohide-arrows' data-slider-id='sample_slider' style='visibility:hidden;'>\n<div id='sample_slider_slide04' class='sa_hover_container' style='padding:5% 5%; margin:0px 0%; background-image:url(&quot;https:\/\/so-la-na.com\/wp-content\/uploads\/2020\/04\/01.jpg&quot;); background-position:left top; background-size:cover; background-repeat:no-repeat; background-color:rgb(255, 255, 255); '><\/div>\n<div id='sample_slider_slide02' class='sa_hover_container' style='padding:5% 5%; margin:0px 0%; background-image:url(&quot;https:\/\/so-la-na.com\/wp-content\/uploads\/2020\/04\/04-1.jpg&quot;); background-position:center center; background-size:cover; background-repeat:no-repeat; background-color:rgb(255, 255, 255); '><\/div>\n<div id='sample_slider_slide05' class='sa_hover_container' style='padding:5% 5%; margin:0px 0%; background-image:url(&quot;https:\/\/so-la-na.com\/wp-content\/uploads\/2020\/04\/Cartel.jpg&quot;); background-position:center center; background-size:cover; background-repeat:no-repeat; background-color:rgb(255, 255, 255); '><\/div>\n<div id='sample_slider_slide01' class='sa_hover_container' style='padding:5% 5%; margin:0px 0%; background-image:url(&quot;https:\/\/so-la-na.com\/wp-content\/uploads\/2020\/04\/03.jpg&quot;); background-position:center center; background-size:cover; background-repeat:no-repeat; background-color:rgb(255, 255, 255); '><\/div>\n<div id='sample_slider_slide03' class='sa_hover_container' style='padding:5% 5%; margin:0px 0%; background-image:url(&quot;https:\/\/so-la-na.com\/wp-content\/uploads\/2020\/04\/02.jpg&quot;); background-position:center center; background-size:cover; background-repeat:no-repeat; background-color:#fce5cd; '><\/div>\n<\/div>\n<\/div>\n<script type='text\/javascript'>\n\tjQuery(document).ready(function() {\n\t\tjQuery('#sample_slider').owlCarousel({\n\t\t\tresponsive:{\n\t\t\t\t0:{ items:1 },\n\t\t\t\t480:{ items:2 },\n\t\t\t\t768:{ items:3 },\n\t\t\t\t980:{ items:4 },\n\t\t\t\t1200:{ items:4 },\n\t\t\t\t1500:{ items:4 }\n\t\t\t},\n\t\t\tautoplay : true,\n\t\t\tautoplayTimeout : 4000,\n\t\t\tautoplayHoverPause : true,\n\t\t\tsmartSpeed : 300,\n\t\t\tfluidSpeed : 300,\n\t\t\tautoplaySpeed : 300,\n\t\t\tnavSpeed : 300,\n\t\t\tdotsSpeed : 300,\n\t\t\tloop : true,\n\t\t\tnav : true,\n\t\t\tnavText : ['Previous','Next'],\n\t\t\tdots : true,\n\t\t\tresponsiveRefreshRate : 200,\n\t\t\tslideBy : 1,\n\t\t\tmergeFit : true,\n\t\t\tautoHeight : false,\n\t\t\tlazyLoad : true,\n\t\t\tlazyLoadEager: 1,\n\t\t\tmouseDrag : false,\n\t\t\ttouchDrag : true\n\t\t});\n\t\tjQuery('#sample_slider').css('visibility', 'visible');\n\t\tsa_resize_sample_slider();\n\t\twindow.addEventListener('resize', sa_resize_sample_slider);\n\t\tfunction sa_resize_sample_slider() {\n\t\t\tvar min_height = '50';\n\t\t\tvar win_width = jQuery(window).width();\n\t\t\tvar slider_width = jQuery('#sample_slider').width();\n\t\t\tif (win_width < 480) {\n\t\t\t\tvar slide_width = slider_width \/ 1;\n\t\t\t} else if (win_width < 768) {\n\t\t\t\tvar slide_width = slider_width \/ 2;\n\t\t\t} else if (win_width < 980) {\n\t\t\t\tvar slide_width = slider_width \/ 3;\n\t\t\t} else if (win_width < 1200) {\n\t\t\t\tvar slide_width = slider_width \/ 4;\n\t\t\t} else if (win_width < 1500) {\n\t\t\t\tvar slide_width = slider_width \/ 4;\n\t\t\t} else {\n\t\t\t\tvar slide_width = slider_width \/ 4;\n\t\t\t}\n\t\t\tslide_width = Math.round(slide_width);\n\t\t\tvar slide_height = '0';\n\t\t\tif (min_height == 'aspect43') {\n\t\t\t\tslide_height = (slide_width \/ 4) * 3;\t\t\t\tslide_height = Math.round(slide_height);\n\t\t\t} else if (min_height == 'aspect169') {\n\t\t\t\tslide_height = (slide_width \/ 16) * 9;\t\t\t\tslide_height = Math.round(slide_height);\n\t\t\t} else {\n\t\t\t\tslide_height = (slide_width \/ 100) * min_height;\t\t\t\tslide_height = Math.round(slide_height);\n\t\t\t}\n\t\t\tjQuery('#sample_slider .owl-item .sa_hover_container').css('min-height', slide_height+'px');\n\t\t}\n\t\tvar owl_goto = jQuery('#sample_slider');\n\t\tjQuery('.sample_slider_goto1').click(function(event){\n\t\t\towl_goto.trigger('to.owl.carousel', 0);\n\t\t});\n\t\tjQuery('.sample_slider_goto2').click(function(event){\n\t\t\towl_goto.trigger('to.owl.carousel', 1);\n\t\t});\n\t\tjQuery('.sample_slider_goto3').click(function(event){\n\t\t\towl_goto.trigger('to.owl.carousel', 2);\n\t\t});\n\t\tjQuery('.sample_slider_goto4').click(function(event){\n\t\t\towl_goto.trigger('to.owl.carousel', 3);\n\t\t});\n\t\tjQuery('.sample_slider_goto5').click(function(event){\n\t\t\towl_goto.trigger('to.owl.carousel', 4);\n\t\t});\n\t\tvar resize_7419 = jQuery('.owl-carousel');\n\t\tresize_7419.on('initialized.owl.carousel', function(e) {\n\t\t\tif (typeof(Event) === 'function') {\n\t\t\t\twindow.dispatchEvent(new Event('resize'));\n\t\t\t} else {\n\t\t\t\tvar evt = window.document.createEvent('UIEvents');\n\t\t\t\tevt.initUIEvent('resize', true, false, window, 0);\n\t\t\t\twindow.dispatchEvent(evt);\n\t\t\t}\n\t\t});\n\t});\n<\/script>\n<\/p>\t<\/div>\n<\/div><\/div>\n\n\t<\/div>\n<\/section>\n\n\n<section id=\"section_id-67069\" class=\"fw-main-row-custom fw-section-no-padding noticias-link-post-container noticias-post-container\" style=\" \" >\n\t<div class=\"fw-col-inner fw-container\" >\n\t\t<div class=\"fw-row\">\n\t\n<div id=\"column-6a995934b8f36\" class=\"fw-col-xs-12\" style=\" \">\n        <div class=\"fw-col-inner\" >\n\t\t<h2 class=\"titulo\">News<\/h2>\t<\/div>\n<\/div><\/div>\n\n<div class=\"fw-row\">\n\t\n<div id=\"column-6a995934ba7a4\" class=\"fw-col-xs-12 noticias-link-text\" style=\" \">\n        <div class=\"fw-col-inner\" >\n\t\t<p><a href=\"http:\/\/www.rtve.es\/noticias\/20120812\/ricardo-fernandez-del-moral-consigue-lampara-minera-2012-union\/556381.shtml\">TVE 12.08.2012<\/a><\/p>\t<\/div>\n<\/div><\/div>\n\n\t<\/div>\n<\/section>\n\n\n<section id=\"section_id-77069\" class=\"fw-main-row-custom fw-section-no-padding end-home-container\" style=\" \" >\n\t<div class=\"fw-col-inner fw-container\" style=\"padding: 10px 15px 0px 15px;\">\n\t\t<div class=\"fw-row\">\n\t\n<div id=\"column-6a995934bc63b\" class=\"fw-col-xs-12\" style=\" \">\n        <div class=\"fw-col-inner\" >\n\t\t<h1>We always strive for the best<\/h1><h2>Our flamenco art shows make the wonders of our fans and those who, for the first time, approach flamenco.<\/h2><h2>SOLANA Entertainment \n\u201cMomentous Flamenco experiences that create a new landmark in the world of performing arts\u201d<\/h2>\t<\/div>\n<\/div><\/div>\n\n\t<\/div>\n<\/section><\/p>","protected":false},"excerpt":{"rendered":"<p class=\"sub-titulo\">Six artists on stage<\/p>\n<p class=\"fecha\">Various cities: Belgium, Luxembourg, Japan and India, 2013-2015<\/p>","protected":false},"author":1,"featured_media":7642,"comment_status":"closed","ping_status":"closed","sticky":false,"template":"","format":"standard","meta":[],"categories":[69],"tags":[],"yoast_head":"<!-- This site is optimized with the Yoast SEO plugin v15.2 - https:\/\/yoast.com\/wordpress\/plugins\/seo\/ -->\n<title>Las Minas Flamenco Tour - SO-LA-NA<\/title>\n<meta name=\"robots\" content=\"index, follow, max-snippet:-1, max-image-preview:large, max-video-preview:-1\" \/>\n<link rel=\"canonical\" href=\"https:\/\/so-la-na.com\/eng\/giras\/giras-tres\/las-minas-flamenco-tour\/\" \/>\n<meta property=\"og:locale\" content=\"en_GB\" \/>\n<meta property=\"og:type\" content=\"article\" \/>\n<meta property=\"og:title\" content=\"Las Minas Flamenco Tour - SO-LA-NA\" \/>\n<meta property=\"og:description\" content=\"Seis artistas en escena Diversas ciudades: B\u00e9lgica, Luxemburgo, Jap\u00f3n e India, 2013 - 2015\" \/>\n<meta property=\"og:url\" content=\"https:\/\/so-la-na.com\/eng\/giras\/giras-tres\/las-minas-flamenco-tour\/\" \/>\n<meta property=\"og:site_name\" content=\"SO-LA-NA\" \/>\n<meta property=\"article:published_time\" content=\"2020-04-26T16:07:33+00:00\" \/>\n<meta property=\"article:modified_time\" content=\"2025-12-09T22:13:11+00:00\" \/>\n<meta property=\"og:image\" content=\"https:\/\/so-la-na.com\/wp-content\/uploads\/2020\/04\/06-2-1.jpg\" \/>\n\t<meta property=\"og:image:width\" content=\"1032\" \/>\n\t<meta property=\"og:image:height\" content=\"755\" \/>\n<meta name=\"twitter:card\" content=\"summary_large_image\" \/>\n<meta name=\"twitter:label1\" value=\"Written by\">\n\t<meta name=\"twitter:data1\" value=\"s0lan4\">\n\t<meta name=\"twitter:label2\" value=\"Estimated reading time\">\n\t<meta name=\"twitter:data2\" value=\"3 minutes\">\n<script type=\"application\/ld+json\" class=\"yoast-schema-graph\">{\"@context\":\"https:\/\/schema.org\",\"@graph\":[{\"@type\":\"Organization\",\"@id\":\"https:\/\/so-la-na.com\/#organization\",\"name\":\"SO-LA-NA\",\"url\":\"https:\/\/so-la-na.com\/\",\"sameAs\":[],\"logo\":{\"@type\":\"ImageObject\",\"@id\":\"https:\/\/so-la-na.com\/#logo\",\"inLanguage\":\"en-GB\",\"url\":\"https:\/\/so-la-na.com\/wp-content\/uploads\/2020\/05\/SO-LA-NA.png\",\"width\":850,\"height\":850,\"caption\":\"SO-LA-NA\"},\"image\":{\"@id\":\"https:\/\/so-la-na.com\/#logo\"}},{\"@type\":\"WebSite\",\"@id\":\"https:\/\/so-la-na.com\/#website\",\"url\":\"https:\/\/so-la-na.com\/\",\"name\":\"SO-LA-NA\",\"description\":\"Producciones musicales. Flamenco. Jazz.\",\"publisher\":{\"@id\":\"https:\/\/so-la-na.com\/#organization\"},\"potentialAction\":[{\"@type\":\"SearchAction\",\"target\":\"https:\/\/so-la-na.com\/?s={search_term_string}\",\"query-input\":\"required name=search_term_string\"}],\"inLanguage\":\"en-GB\"},{\"@type\":\"ImageObject\",\"@id\":\"https:\/\/so-la-na.com\/giras\/giras-tres\/las-minas-flamenco-tour\/#primaryimage\",\"inLanguage\":\"en-GB\",\"url\":\"https:\/\/so-la-na.com\/wp-content\/uploads\/2020\/04\/06-2-1.jpg\",\"width\":1032,\"height\":755},{\"@type\":\"WebPage\",\"@id\":\"https:\/\/so-la-na.com\/giras\/giras-tres\/las-minas-flamenco-tour\/#webpage\",\"url\":\"https:\/\/so-la-na.com\/giras\/giras-tres\/las-minas-flamenco-tour\/\",\"name\":\"Las Minas Flamenco Tour - SO-LA-NA\",\"isPartOf\":{\"@id\":\"https:\/\/so-la-na.com\/#website\"},\"primaryImageOfPage\":{\"@id\":\"https:\/\/so-la-na.com\/giras\/giras-tres\/las-minas-flamenco-tour\/#primaryimage\"},\"datePublished\":\"2020-04-26T16:07:33+00:00\",\"dateModified\":\"2025-12-09T22:13:11+00:00\",\"inLanguage\":\"en-GB\",\"potentialAction\":[{\"@type\":\"ReadAction\",\"target\":[\"https:\/\/so-la-na.com\/giras\/giras-tres\/las-minas-flamenco-tour\/\"]}]},{\"@type\":\"Article\",\"@id\":\"https:\/\/so-la-na.com\/giras\/giras-tres\/las-minas-flamenco-tour\/#article\",\"isPartOf\":{\"@id\":\"https:\/\/so-la-na.com\/giras\/giras-tres\/las-minas-flamenco-tour\/#webpage\"},\"author\":{\"@id\":\"https:\/\/so-la-na.com\/#\/schema\/person\/3f5a0cbe4efa9d9831f534043544b9fa\"},\"headline\":\"Las Minas Flamenco Tour\",\"datePublished\":\"2020-04-26T16:07:33+00:00\",\"dateModified\":\"2025-12-09T22:13:11+00:00\",\"mainEntityOfPage\":{\"@id\":\"https:\/\/so-la-na.com\/giras\/giras-tres\/las-minas-flamenco-tour\/#webpage\"},\"publisher\":{\"@id\":\"https:\/\/so-la-na.com\/#organization\"},\"image\":{\"@id\":\"https:\/\/so-la-na.com\/giras\/giras-tres\/las-minas-flamenco-tour\/#primaryimage\"},\"articleSection\":\"Giras 3\",\"inLanguage\":\"en-GB\"},{\"@type\":\"Person\",\"@id\":\"https:\/\/so-la-na.com\/#\/schema\/person\/3f5a0cbe4efa9d9831f534043544b9fa\",\"name\":\"s0lan4\",\"image\":{\"@type\":\"ImageObject\",\"@id\":\"https:\/\/so-la-na.com\/#personlogo\",\"inLanguage\":\"en-GB\",\"url\":\"https:\/\/secure.gravatar.com\/avatar\/8650b1673693987cc32ab66aa7790a78?s=96&d=mm&r=g\",\"caption\":\"s0lan4\"}}]}<\/script>\n<!-- \/ Yoast SEO plugin. -->","_links":{"self":[{"href":"https:\/\/so-la-na.com\/eng\/wp-json\/wp\/v2\/posts\/7069"}],"collection":[{"href":"https:\/\/so-la-na.com\/eng\/wp-json\/wp\/v2\/posts"}],"about":[{"href":"https:\/\/so-la-na.com\/eng\/wp-json\/wp\/v2\/types\/post"}],"author":[{"embeddable":true,"href":"https:\/\/so-la-na.com\/eng\/wp-json\/wp\/v2\/users\/1"}],"replies":[{"embeddable":true,"href":"https:\/\/so-la-na.com\/eng\/wp-json\/wp\/v2\/comments?post=7069"}],"version-history":[{"count":16,"href":"https:\/\/so-la-na.com\/eng\/wp-json\/wp\/v2\/posts\/7069\/revisions"}],"predecessor-version":[{"id":10344,"href":"https:\/\/so-la-na.com\/eng\/wp-json\/wp\/v2\/posts\/7069\/revisions\/10344"}],"wp:featuredmedia":[{"embeddable":true,"href":"https:\/\/so-la-na.com\/eng\/wp-json\/wp\/v2\/media\/7642"}],"wp:attachment":[{"href":"https:\/\/so-la-na.com\/eng\/wp-json\/wp\/v2\/media?parent=7069"}],"wp:term":[{"taxonomy":"category","embeddable":true,"href":"https:\/\/so-la-na.com\/eng\/wp-json\/wp\/v2\/categories?post=7069"},{"taxonomy":"post_tag","embeddable":true,"href":"https:\/\/so-la-na.com\/eng\/wp-json\/wp\/v2\/tags?post=7069"}],"curies":[{"name":"wp","href":"https:\/\/api.w.org\/{rel}","templated":true}]}}